[{"@context":"https:\/\/schema.org\/","@type":"Article","@id":"https:\/\/www.guba.cz\/vzpominky-zvecnene-profesionalem\/#Article","mainEntityOfPage":"https:\/\/www.guba.cz\/vzpominky-zvecnene-profesionalem\/","headline":"Vzpom\u00ednky zv\u011b\u010dn\u011bn\u00e9 profesion\u00e1lem","name":"Vzpom\u00ednky zv\u011b\u010dn\u011bn\u00e9 profesion\u00e1lem","description":"Pro\u010d profi Profesion\u00e1ln\u00ed fotograf disponuje na rozd\u00edl od toho \u201erekrea\u010dn\u00edho\u201c kvalitn\u00edmi p\u0159\u00edstroji a mno\u017estv\u00edm zku\u0161enost\u00ed. V\u0161echny nuance dobr\u00e9 fotky jako je kompozice, jas, sv\u011btlo a intenzita barev jsou pro n\u011bho zvl\u00e1dnutou rutinou a v\u00e1m u\u017e<a class=\"read-more\" href=\"https:\/\/www.guba.cz\/vzpominky-zvecnene-profesionalem\/\">Continue reading<\/a>","datePublished":"2025-03-04","dateModified":"2023-05-04","author":{"@type":"Person","@id":"https:\/\/www.guba.cz\/author\/#Person","name":"guba.cz\n","url":"https:\/\/www.guba.cz\/author\/","identifier":1,"image":{"@type":"ImageObject","@id":"https:\/\/secure.gravatar.com\/avatar\/bf8a2da9791e94b6eb5cec245ee5eeceecb651e79e829278e2c546441579397e?s=96&d=mm&r=g","url":"https:\/\/secure.gravatar.com\/avatar\/bf8a2da9791e94b6eb5cec245ee5eeceecb651e79e829278e2c546441579397e?s=96&d=mm&r=g","height":96,"width":96}},"publisher":{"@type":"Organization","name":"guba.cz","logo":{"@type":"ImageObject","@id":"\/logo.png","url":"\/logo.png","width":600,"height":60}},"image":{"@type":"ImageObject","@id":"https:\/\/www.guba.cz\/wp-content\/uploads\/img_a314622_w2354_t1525593932.jpg","url":"https:\/\/www.guba.cz\/wp-content\/uploads\/img_a314622_w2354_t1525593932.jpg","height":0,"width":0},"url":"https:\/\/www.guba.cz\/vzpominky-zvecnene-profesionalem\/","about":["Slu\u017eby"],"wordCount":539,"articleBody":"\tPro\u010d profi\tProfesion\u00e1ln\u00ed fotograf disponuje na rozd\u00edl od toho \u201erekrea\u010dn\u00edho\u201c kvalitn\u00edmi p\u0159\u00edstroji a mno\u017estv\u00edm zku\u0161enost\u00ed. V\u0161echny nuance dobr\u00e9 fotky jako je kompozice, jas, sv\u011btlo a intenzita barev jsou pro n\u011bho zvl\u00e1dnutou rutinou a v\u00e1m u\u017e sta\u010d\u00ed jen posadit se na \u017eidli a \u0159\u00eddit se jeho pokyny.\t\tDal\u0161\u00ed v\u00fdhodou je mno\u017estv\u00ed dekorac\u00ed a mo\u017enost vybrat si pozad\u00ed fotografie. V jedin\u00e9m ateli\u00e9ru jich m\u00e1te k dispozici hned n\u011bkolik a v\u011b\u0159te, \u017ee na v\u00fdsledn\u00e9m efektu je to opravdu zn\u00e1t.\t\tRodinky a d\u011bti\tV mnoha rodin\u00e1ch je obl\u00edbenou tradic\u00ed ud\u011blat si jednou za rok \u201ev\u00fdlet\u201c do fotografick\u00e9ho studia a nechat si ud\u011blat hezk\u00e9 momentky rostouc\u00edch potomk\u016f. Nejen\u017ee jsou takov\u00e9 sn\u00edmky ozdobou ka\u017ed\u00e9ho rodinn\u00e9ho alba, lze je tady i vytisknout v r\u016fzn\u00fdch form\u00e1tech. Po jejich zar\u00e1mov\u00e1n\u00ed m\u00e1te podle p\u0159\u00e1n\u00ed dekoraci na pracovn\u00ed st\u016fl, obraz k pov\u011b\u0161en\u00ed na ze\u010f nebo d\u00e1rek pro babi\u010dku.\tDlu\u017eno dodat, \u017ee fotografov\u00e9 specializuj\u00edc\u00ed se na d\u011btsk\u00e9 focen\u00ed maj\u00ed p\u0159i pr\u00e1ci k ruce mno\u017estv\u00ed hra\u010dek a zpravidla v\u011bd\u00ed, jak zaujmout i ty nejv\u011bt\u0161\u00ed neposedy, samoz\u0159ejm\u011b ve spolupr\u00e1ci s rodi\u010di. Na celou \u201eproceduru\u201c jste dop\u0159edu objedn\u00e1ni, tak\u017ee v\u00e1s netla\u010d\u00ed ani \u010das.\t\tKr\u00e1sn\u00e1 a sv\u016fdn\u00e1\tMnoh\u00e1 studia maj\u00ed v nab\u00eddce i nafocen\u00ed kreativn\u011bj\u0161\u00edch portr\u00e9t\u016f \u2013 chcete b\u00fdt pro jednou za modelku a m\u00edt vlastn\u00ed set profi fotografi\u00ed? Nebo je libo obdarovat man\u017eela k v\u00fdro\u010d\u00ed jemn\u011b erotick\u00fdmi boudoir sn\u00edmky? Odho\u010fte zbyte\u010dn\u00fd stud a hur\u00e1 do toho! \tI tady se v\u00e1s ujmou zku\u0161en\u00ed profesion\u00e1lov\u00e9, kte\u0159\u00ed v\u00e1m porad\u00ed s vhodnou p\u00f3zou i v\u00fdrazem tv\u00e1\u0159e tak, aby byl v\u00fdsledek naprosto perfektn\u00ed. Zpravidla m\u00e1te mo\u017enost vyu\u017e\u00edt i dopl\u0148kov\u00e9 slu\u017eby, jako je stylista, kade\u0159n\u00edk a viz\u00e1\u017eista, tak\u017ee pro jedno odpoledne se m\u016f\u017eete opravdu st\u00e1t h\u00fd\u010dkanou princeznou. V\u00fdsledn\u00e9 fotky jsou pak velmi vkusn\u00e9 a decentn\u00ed a vy sama si ur\u010d\u00edte, do jak\u00e9 m\u00edry budou digit\u00e1ln\u011b doupraveny.\tSvatby\tAsi nej\u010dast\u011bji vyu\u017e\u00edvaj\u00ed profesion\u00e1ln\u00edch fotografick\u00fdch slu\u017eeb \u010derstv\u00ed novoman\u017eel\u00e9. M\u00edt alespo\u0148 jeden takov\u00fd sn\u00edmek ctily jako svou povinnost u\u017e na\u0161e babi\u010dky a ani dnes to nevypad\u00e1, \u017ee by byla tato tradice na \u00fastupu. Te\u010f u\u017e se ale takov\u00e9 focen\u00ed neodehr\u00e1v\u00e1 za zdmi ateli\u00e9ru, velmi obl\u00edben\u00e9 jsou naopak fotografie v p\u0159\u00edrod\u011b, p\u0159\u00edpadn\u011b na m\u00edst\u011b, kter\u00e9 m\u00e1 pro \u017eenicha a nev\u011bstu ur\u010dit\u00fd osobn\u00ed v\u00fdznam. \tV\u00fdjimkou nen\u00ed ani to, kdy si novoman\u017eel\u00e9 p\u0159ej\u00ed, aby tyto fotografie vyjad\u0159ovaly krom\u011b vz\u00e1jemn\u00e9 l\u00e1sky i smysl pro humor. I v zachycen\u00ed tak tradi\u010dn\u00edho okam\u017eiku, jako je s\u0148atek, se objevuje hravost, vtip a originalita a je to tak dob\u0159e. \u0160ediv\u00e9 p\u011bny b\u011b\u017en\u00fdch dn\u016f si oba v man\u017eelstv\u00ed u\u017eij\u00ed je\u0161t\u011b dost.                                                                                                                                                                                                                                                                                                                                                                                        4\/5 - (10 votes)        "},{"@context":"https:\/\/schema.org\/","@type":"BreadcrumbList","itemListElement":[{"@type":"ListItem","position":1,"name":"Vzpom\u00ednky zv\u011b\u010dn\u011bn\u00e9 profesion\u00e1lem","item":"https:\/\/www.guba.cz\/vzpominky-zvecnene-profesionalem\/#breadcrumbitem"}]}]