[{"@context":"https:\/\/schema.org\/","@type":"Article","@id":"https:\/\/www.guba.cz\/opomijene-slovinsko\/#Article","mainEntityOfPage":"https:\/\/www.guba.cz\/opomijene-slovinsko\/","headline":"Opom\u00edjen\u00e9 Slovinsko","name":"Opom\u00edjen\u00e9 Slovinsko","description":"Jestli\u017ee nav\u0161t\u00edv\u00edte hlavn\u00ed m\u011bsto Slovinska Lubla\u0148, bude v\u00e1m to tu p\u0159ipom\u00ednat tak trochu Prahu. Jen je to tu men\u0161\u00ed a uklizen\u011bj\u0161\u00ed. Vyd\u00e1te-li se promen\u00e1dou kolem \u0159eky Ljubljanice, budete m\u00edt pocit, \u017ee jste se p\u0159em\u00edstili na<a class=\"read-more\" href=\"https:\/\/www.guba.cz\/opomijene-slovinsko\/\">Continue reading<\/a>","datePublished":"2025-03-01","dateModified":"2023-05-04","author":{"@type":"Person","@id":"https:\/\/www.guba.cz\/author\/#Person","name":"guba.cz\n","url":"https:\/\/www.guba.cz\/author\/","identifier":1,"image":{"@type":"ImageObject","@id":"https:\/\/secure.gravatar.com\/avatar\/bf8a2da9791e94b6eb5cec245ee5eeceecb651e79e829278e2c546441579397e?s=96&d=mm&r=g","url":"https:\/\/secure.gravatar.com\/avatar\/bf8a2da9791e94b6eb5cec245ee5eeceecb651e79e829278e2c546441579397e?s=96&d=mm&r=g","height":96,"width":96}},"publisher":{"@type":"Organization","name":"guba.cz","logo":{"@type":"ImageObject","@id":"\/logo.png","url":"\/logo.png","width":600,"height":60}},"image":{"@type":"ImageObject","@id":"https:\/\/www.guba.cz\/wp-content\/uploads\/img_a292210_w2354_t1504624709.jpg","url":"https:\/\/www.guba.cz\/wp-content\/uploads\/img_a292210_w2354_t1504624709.jpg","height":0,"width":0},"url":"https:\/\/www.guba.cz\/opomijene-slovinsko\/","about":["Dovolen\u00e1"],"wordCount":396,"articleBody":"Jestli\u017ee nav\u0161t\u00edv\u00edte hlavn\u00ed m\u011bsto Slovinska Lubla\u0148, bude v\u00e1m to tu p\u0159ipom\u00ednat tak trochu Prahu. Jen je to tu men\u0161\u00ed a uklizen\u011bj\u0161\u00ed. Vyd\u00e1te-li se promen\u00e1dou kolem \u0159eky Ljubljanice, budete m\u00edt pocit, \u017ee jste se p\u0159em\u00edstili na skok do Karlov\u00fdch Var\u016f.\u00a7\u00a0 V sam\u00e9m centru m\u011bsta se ty\u010d\u00ed sedmdes\u00e1timetrov\u00fd mrakodrap, kter\u00fd se jmenuje Neboti\u010dnik a stoj\u00ed tu u\u017e t\u00e9m\u011b\u0159 devades\u00e1t let.\u00a7\u00a0 Kdy\u017e se roku 1931 stav\u011bl, byli m\u00edstn\u00ed obyvatel\u00e9 z\u00e1sadn\u011b proti. Ob\u00e1vali se, \u017ee tento kolos naprosto zni\u010d\u00ed historick\u00fd r\u00e1z m\u011bsta.\u00a7\u00a0 Dnes je jeho neodmyslitelnou sou\u010d\u00e1st\u00ed. Sv\u00fdmi architektonick\u00fdmi prvky skv\u011ble zapadl do okoln\u00edho prost\u0159ed\u00ed.MRAKODRAP NEBOTI\u010cNIKV p\u0159\u00edzem\u00ed a prvn\u00edm poschod\u00ed najdete obchody, ve druh\u00e9m a\u017e p\u00e1t\u00e9m jsou kancel\u00e1\u0159e, v \u0161est\u00e9m a\u017e dev\u00e1t\u00e9m poschod\u00ed jsou vystav\u011bn\u00e9 byty. Posledn\u00ed t\u0159i slou\u017e\u00ed jako kav\u00e1rna s terasou. Kdo do Lublan\u011b zav\u00edt\u00e1, rozhodn\u011b by nem\u011bl tento mrakodrap minout bez pov\u0161imnut\u00ed. Kdo si posed\u00ed v kav\u00e1rn\u011b a rozhl\u00e9dne se po okol\u00ed, bude m\u00edt cel\u00e9 m\u011bsto jako na dlani. V\u010detn\u011b Lubla\u0148sk\u00e9ho hradu.\tVlaky jezd\u00ed do v\u0161ech stranV Lublani jsou hojn\u011b vyu\u017e\u00edv\u00e1ny vlaky. Pokud vyu\u017eijete jejich slu\u017eeb, doveze v\u00e1s jeden z\u00a0nich do Julsk\u00fdch Alp, kter\u00e9 p\u0159evy\u0161uj\u00ed na\u0161e Krkono\u0161e.&#8211;\u00a0\u00a0\u00a0\u00a0\u00a0\u00a0\u00a0\u00a0 V kopc\u00edch Julsk\u00fdch Alp si budete myslet, \u017ee se zastavil \u010das.&#8211;\u00a0\u00a0\u00a0\u00a0\u00a0\u00a0\u00a0\u00a0 Hospoda\u0159\u00ed se tu jako p\u0159ed sto lety.&#8211;\u00a0\u00a0\u00a0\u00a0\u00a0\u00a0\u00a0\u00a0 \u017dije se tu klidn\u011b a rozv\u00e1\u017en\u011b.&#8211;\u00a0\u00a0\u00a0\u00a0\u00a0\u00a0\u00a0\u00a0 Na pastvin\u00e1ch se pasou ovce a na v\u00e1s d\u00fdch\u00e1 pohoda a kr\u00e1sa m\u00edstn\u00ed p\u0159\u00edrody.V podh\u016f\u0159\u00ed se doporu\u010duje nav\u0161t\u00edvit jezero Bled. Na ostr\u016fvku stoj\u00ed malebn\u00fd kostel\u00edk svat\u00e9ho Martina. K n\u011bmu m\u016f\u017eete podniknout romantickou plavbu p\u016fj\u010denou lo\u010fkou. U jezera Bled le\u017e\u00ed proslul\u00e9 l\u00e1zn\u011b, v jejich term\u00e1ln\u00edch pramenech se m\u016f\u017eete smo\u010dit od hlavy a\u017e k pat\u011b. Stoj\u00ed to za to. Vlak v\u00e1s m\u016f\u017ee zav\u00e9zt i do obrovsk\u00e9 jeskyn\u011b Postojna, u kter\u00e9 p\u0159esednete do dal\u0161\u00edho vl\u00e1\u010dku. Ten v\u00e1s jeskyn\u00ed proveze po n\u011bkolika tras\u00e1ch. Jeskyn\u011b m\u011b\u0159\u00ed toti\u017e neuv\u011b\u0159iteln\u00fdch devaten\u00e1ct kilometr\u016f.                                                                                                                                                                                                                                                                                                                                                                                        4.4\/5 - (10 votes)        "},{"@context":"https:\/\/schema.org\/","@type":"BreadcrumbList","itemListElement":[{"@type":"ListItem","position":1,"name":"Opom\u00edjen\u00e9 Slovinsko","item":"https:\/\/www.guba.cz\/opomijene-slovinsko\/#breadcrumbitem"}]}]