[{"@context":"https:\/\/schema.org\/","@type":"Article","@id":"https:\/\/www.guba.cz\/kvalitni-teply-bazen\/#Article","mainEntityOfPage":"https:\/\/www.guba.cz\/kvalitni-teply-bazen\/","headline":"Kvalitn\u00ed tepl\u00fd baz\u00e9n","name":"Kvalitn\u00ed tepl\u00fd baz\u00e9n","description":"Vzpom\u00edn\u00e1m si, jak m\u016fj p\u0159\u00edtel cht\u011bl m\u00edt na zahrad\u011b baz\u00e9n. A abych pravdu \u0159ekla, j\u00e1 jsem tomu ze za\u010d\u00e1tku byla tro\u0161ku proti, proto\u017ee jsem se b\u00e1la, jak to budeme m\u00edt s ochranou. Proto\u017ee m\u011bli jsme<a class=\"read-more\" href=\"https:\/\/www.guba.cz\/kvalitni-teply-bazen\/\">Continue reading<\/a>","datePublished":"2022-12-27","dateModified":"2023-05-04","author":{"@type":"Person","@id":"https:\/\/www.guba.cz\/author\/#Person","name":"guba.cz\n","url":"https:\/\/www.guba.cz\/author\/","identifier":1,"image":{"@type":"ImageObject","@id":"https:\/\/secure.gravatar.com\/avatar\/bf8a2da9791e94b6eb5cec245ee5eeceecb651e79e829278e2c546441579397e?s=96&d=mm&r=g","url":"https:\/\/secure.gravatar.com\/avatar\/bf8a2da9791e94b6eb5cec245ee5eeceecb651e79e829278e2c546441579397e?s=96&d=mm&r=g","height":96,"width":96}},"publisher":{"@type":"Organization","name":"guba.cz","logo":{"@type":"ImageObject","@id":"\/logo.png","url":"\/logo.png","width":600,"height":60}},"image":{"@type":"ImageObject","@id":"https:\/\/www.guba.cz\/wp-content\/uploads\/pool-384573_960_720.jpg","url":"https:\/\/www.guba.cz\/wp-content\/uploads\/pool-384573_960_720.jpg","height":0,"width":0},"url":"https:\/\/www.guba.cz\/kvalitni-teply-bazen\/","about":["N\u00e1kupy"],"wordCount":448,"articleBody":"        Vzpom\u00edn\u00e1m si, jak m\u016fj p\u0159\u00edtel cht\u011bl m\u00edt na zahrad\u011b baz\u00e9n. A abych pravdu \u0159ekla, j\u00e1 jsem tomu ze za\u010d\u00e1tku byla tro\u0161ku proti, proto\u017ee jsem se b\u00e1la, jak to budeme m\u00edt s ochranou. Proto\u017ee m\u011bli jsme toti\u017e dva psy a \u010dty\u0159i ko\u010dky a taky dv\u011b mal\u00e9 d\u011bti, tak\u017ee jsem se b\u00e1la, aby n\u00e1m do baz\u00e9nu v\u016fbec nikdo nespadl. A tedy m\u00e1m na mysli hlavn\u011b moje d\u011bti. A to bych se opravdu zbl\u00e1znila, proto jsme se s p\u0159\u00edtelem taky dohodli, \u017ee si po\u0159\u00edd\u00edme baz\u00e9n, kter\u00fd je nad zem\u00ed, proto\u017ee kdy\u017e bude nadzem\u00ed, bude opravdu obt\u00ed\u017en\u00e9 se tam dostat. A kdy\u017e budeme m\u00edt vyndavac\u00ed sch\u016fdky do baz\u00e9nu, tak se tam mal\u00e9 d\u011bti v\u016fbec nedostanou. Samoz\u0159ejmost\u00ed ale taky je, \u017ee bychom je samoz\u0159ejm\u011b v\u017edycky v\u0161ude hl\u00eddali. A nakonec to dopadlo tak, \u017ee jsme si prvn\u00ed dva roky, co byly d\u011bti mal\u00e9, po\u0159\u00eddili oby\u010dejn\u00fd nafukovac\u00ed baz\u00e9n, kter\u00fd je hlubok\u00fd pouze t\u0159icet centimetr\u016f. Samoz\u0159ejm\u011b \u017ee i tak jsme to tam hl\u00eddali, ale zase nemus\u00edme tak moc, jako kdyby ten baz\u00e9n byl hlubok\u00fd metr a p\u016fl. D\u011btem je \u0161est a deset let, tak\u017ee si mysl\u00edm, \u017ee u\u017e zase maj\u00ed v\u00edce rozumu. A proto po\u0159izujeme nov\u00fd baz\u00e9n. A je logick\u00e9, \u017ee si po\u0159\u00edd\u00edme sol\u00e1rn\u00ed plachtu na baz\u00e9n. Proto\u017ee sol\u00e1rn\u00ed plachta na baz\u00e9n se opravdu vyplat\u00ed, kdy\u017e m\u00e1te objemn\u011bj\u0161\u00ed a v\u011bt\u0161\u00ed baz\u00e9n, kde je v\u00edce vody.A to toti\u017e trv\u00e1 v\u00edce dlouho, ne\u017e se voda oh\u0159eje. Proto abyste m\u011bli d\u0159\u00edve vodu oh\u0159\u00e1tou v baz\u00e9nu, tak doporu\u010duji sol\u00e1rn\u00ed plachtu na baz\u00e9n. A jenom\u017ee taky potom u\u0161et\u0159\u00edte to, \u017ee v\u00e1m do vody nebude padat hmyz nebo list\u00ed, ale taky budete m\u00edt st\u00e1le oh\u0159\u00e1tou vodu. Mn\u011b se tohle l\u00edb\u00ed a jsem velice r\u00e1da, \u017ee mi moje kamar\u00e1dka sol\u00e1rn\u00ed plachtu na baz\u00e9n doporu\u010dila. V\u016fbec by m\u011b nenapadlo tohle koupit. Tak\u017ee jsem r\u00e1da, \u017ee jsem dala na kamar\u00e1dku a sol\u00e1rn\u00ed plachtu na baz\u00e9n po\u0159\u00eddila, proto\u017ee opravdu to vytv\u00e1\u0159\u00ed i takov\u00fd lep\u0161\u00ed dojem. A taky to, \u017ee baz\u00e9n se udr\u017eel v\u00edce v \u010distot\u011b. Pokud i vy v\u00e1h\u00e1te, jestli si po\u0159\u00eddit sol\u00e1rn\u00ed plachtu na baz\u00e9n, tak nev\u00e1hejte a samoz\u0159ejm\u011b do n\u00ed b\u011b\u017ete.                                                                                                                                                                                                                                                                                                                                                                                           3.3\/5 - (3 votes)        "},{"@context":"https:\/\/schema.org\/","@type":"BreadcrumbList","itemListElement":[{"@type":"ListItem","position":1,"name":"Kvalitn\u00ed tepl\u00fd baz\u00e9n","item":"https:\/\/www.guba.cz\/kvalitni-teply-bazen\/#breadcrumbitem"}]}]