{"@context":"https:\/\/schema.org\/","@type":"CollectionPage","@id":"https:\/\/www.guba.cz\/deti\/#CollectionPage","headline":"D\u011bti Category","description":"","url":"https:\/\/www.guba.cz\/deti\/","hasPart":[{"@type":"Article","@id":"https:\/\/www.guba.cz\/mami-dneska-platim-ja\/","headline":"Mami, dneska plat\u00edm j\u00e1!","url":"https:\/\/www.guba.cz\/mami-dneska-platim-ja\/","datePublished":"2025-03-02","dateModified":"2023-05-04","mainEntityOfPage":"https:\/\/www.guba.cz\/mami-dneska-platim-ja\/","author":{"@type":"Person","@id":"https:\/\/www.guba.cz\/author\/#Person","name":"guba.cz\n","url":"https:\/\/www.guba.cz\/author\/","identifier":1,"image":{"@type":"ImageObject","@id":"https:\/\/secure.gravatar.com\/avatar\/bf8a2da9791e94b6eb5cec245ee5eeceecb651e79e829278e2c546441579397e?s=96&d=mm&r=g","url":"https:\/\/secure.gravatar.com\/avatar\/bf8a2da9791e94b6eb5cec245ee5eeceecb651e79e829278e2c546441579397e?s=96&d=mm&r=g","height":96,"width":96}},"publisher":{"@type":"Organization","name":"guba.cz","logo":{"@type":"ImageObject","@id":"\/logo.png","url":"\/logo.png","width":600,"height":60}},"image":{"@type":"ImageObject","@id":"https:\/\/www.guba.cz\/wp-content\/uploads\/img_a302890_w2354_t1512857461.jpg","url":"https:\/\/www.guba.cz\/wp-content\/uploads\/img_a302890_w2354_t1512857461.jpg","height":0,"width":0},"keywords":null},{"@type":"Article","@id":"https:\/\/www.guba.cz\/jak-moc-se-tesi-deti-do-skoly\/","headline":"Jak moc se t\u011b\u0161\u00ed d\u011bti do \u0161koly?","url":"https:\/\/www.guba.cz\/jak-moc-se-tesi-deti-do-skoly\/","datePublished":"2022-08-23","dateModified":"2022-08-23","mainEntityOfPage":"https:\/\/www.guba.cz\/jak-moc-se-tesi-deti-do-skoly\/","author":{"@type":"Person","@id":"https:\/\/www.guba.cz\/author\/#Person","name":"guba.cz\n","url":"https:\/\/www.guba.cz\/author\/","identifier":1,"image":{"@type":"ImageObject","@id":"https:\/\/secure.gravatar.com\/avatar\/bf8a2da9791e94b6eb5cec245ee5eeceecb651e79e829278e2c546441579397e?s=96&d=mm&r=g","url":"https:\/\/secure.gravatar.com\/avatar\/bf8a2da9791e94b6eb5cec245ee5eeceecb651e79e829278e2c546441579397e?s=96&d=mm&r=g","height":96,"width":96}},"publisher":{"@type":"Organization","name":"guba.cz","logo":{"@type":"ImageObject","@id":"\/logo.png","url":"\/logo.png","width":600,"height":60}},"image":{"@type":"ImageObject","@id":"https:\/\/www.guba.cz\/wp-content\/uploads\/d%C4%9Bti_1.JPG","url":"https:\/\/www.guba.cz\/wp-content\/uploads\/d%C4%9Bti_1.JPG","height":0,"width":0},"keywords":null},{"@type":"Article","@id":"https:\/\/www.guba.cz\/laska-k-diteti\/","headline":"L\u00e1ska k d\u00edt\u011bti","url":"https:\/\/www.guba.cz\/laska-k-diteti\/","datePublished":"2022-08-12","dateModified":"2022-08-12","mainEntityOfPage":"https:\/\/www.guba.cz\/laska-k-diteti\/","author":{"@type":"Person","@id":"https:\/\/www.guba.cz\/author\/#Person","name":"guba.cz\n","url":"https:\/\/www.guba.cz\/author\/","identifier":1,"image":{"@type":"ImageObject","@id":"https:\/\/secure.gravatar.com\/avatar\/bf8a2da9791e94b6eb5cec245ee5eeceecb651e79e829278e2c546441579397e?s=96&d=mm&r=g","url":"https:\/\/secure.gravatar.com\/avatar\/bf8a2da9791e94b6eb5cec245ee5eeceecb651e79e829278e2c546441579397e?s=96&d=mm&r=g","height":96,"width":96}},"publisher":{"@type":"Organization","name":"guba.cz","logo":{"@type":"ImageObject","@id":"\/logo.png","url":"\/logo.png","width":600,"height":60}},"image":{"@type":"ImageObject","@id":"https:\/\/www.guba.cz\/wp-content\/uploads\/pexels-yan-krukov-8613145_2.jpg","url":"https:\/\/www.guba.cz\/wp-content\/uploads\/pexels-yan-krukov-8613145_2.jpg","height":0,"width":0},"keywords":null},{"@type":"Article","@id":"https:\/\/www.guba.cz\/deti-a-postoj-jejich-rodicu\/","headline":"D\u011bti a postoj jejich rodi\u010d\u016f","url":"https:\/\/www.guba.cz\/deti-a-postoj-jejich-rodicu\/","datePublished":"2021-12-12","dateModified":"2023-05-04","mainEntityOfPage":"https:\/\/www.guba.cz\/deti-a-postoj-jejich-rodicu\/","author":{"@type":"Person","@id":"https:\/\/www.guba.cz\/author\/#Person","name":"guba.cz\n","url":"https:\/\/www.guba.cz\/author\/","identifier":1,"image":{"@type":"ImageObject","@id":"https:\/\/secure.gravatar.com\/avatar\/bf8a2da9791e94b6eb5cec245ee5eeceecb651e79e829278e2c546441579397e?s=96&d=mm&r=g","url":"https:\/\/secure.gravatar.com\/avatar\/bf8a2da9791e94b6eb5cec245ee5eeceecb651e79e829278e2c546441579397e?s=96&d=mm&r=g","height":96,"width":96}},"publisher":{"@type":"Organization","name":"guba.cz","logo":{"@type":"ImageObject","@id":"\/logo.png","url":"\/logo.png","width":600,"height":60}},"image":{"@type":"ImageObject","@id":"https:\/\/www.guba.cz\/wp-content\/uploads\/chlapci%20na%20zahrad%C4%9B_1.JPG","url":"https:\/\/www.guba.cz\/wp-content\/uploads\/chlapci%20na%20zahrad%C4%9B_1.JPG","height":0,"width":0},"keywords":null}]}