[{"@context":"https:\/\/schema.org\/","@type":"Article","@id":"https:\/\/www.guba.cz\/cesky-filmovy-architekt-ktery-ziskal-oscara\/#Article","mainEntityOfPage":"https:\/\/www.guba.cz\/cesky-filmovy-architekt-ktery-ziskal-oscara\/","headline":"\u010cesk\u00fd filmov\u00fd architekt, kter\u00fd z\u00edskal Oscara","name":"\u010cesk\u00fd filmov\u00fd architekt, kter\u00fd z\u00edskal Oscara","description":"Karel \u010cern\u00fd, jm\u00e9no mo\u017en\u00e1 na prvn\u00ed pohled nezn\u00e1m\u00e9, nicm\u00e9n\u011b v\u00a0okam\u017eiku, kdy se \u0159ekne Cesta do prav\u011bku nebo Amadeus, jsou hned v\u0161ichni doma. Tento mu\u017e se jako filmov\u00fd architekt pod\u00edlel na 92 celove\u010dern\u00edch filmech, na v\u00edce<a class=\"read-more\" href=\"https:\/\/www.guba.cz\/cesky-filmovy-architekt-ktery-ziskal-oscara\/\">Continue reading<\/a>","datePublished":"2025-02-28","dateModified":"2023-05-04","author":{"@type":"Person","@id":"https:\/\/www.guba.cz\/author\/#Person","name":"guba.cz\n","url":"https:\/\/www.guba.cz\/author\/","identifier":1,"image":{"@type":"ImageObject","@id":"https:\/\/secure.gravatar.com\/avatar\/bf8a2da9791e94b6eb5cec245ee5eeceecb651e79e829278e2c546441579397e?s=96&d=mm&r=g","url":"https:\/\/secure.gravatar.com\/avatar\/bf8a2da9791e94b6eb5cec245ee5eeceecb651e79e829278e2c546441579397e?s=96&d=mm&r=g","height":96,"width":96}},"publisher":{"@type":"Organization","name":"guba.cz","logo":{"@type":"ImageObject","@id":"\/logo.png","url":"\/logo.png","width":600,"height":60}},"image":{"@type":"ImageObject","@id":"https:\/\/www.guba.cz\/wp-content\/uploads\/img_a312711_w2354_t1523518092.png","url":"https:\/\/www.guba.cz\/wp-content\/uploads\/img_a312711_w2354_t1523518092.png","height":0,"width":0},"url":"https:\/\/www.guba.cz\/cesky-filmovy-architekt-ktery-ziskal-oscara\/","about":["Kultura"],"wordCount":414,"articleBody":"Karel \u010cern\u00fd, jm\u00e9no mo\u017en\u00e1 na prvn\u00ed pohled nezn\u00e1m\u00e9, nicm\u00e9n\u011b v\u00a0okam\u017eiku, kdy se \u0159ekne Cesta do prav\u011bku nebo Amadeus, jsou hned v\u0161ichni doma. Tento mu\u017e se jako filmov\u00fd architekt pod\u00edlel na 92 celove\u010dern\u00edch filmech, na v\u00edce jak stovce televizn\u00edch inscenac\u00ed, 15 seri\u00e1lech a tak bychom mohli ve v\u00fd\u010dtu jeho pr\u00e1ce pokra\u010dovat. Bohu\u017eel profese filmov\u00e9ho architekta v\u017edy z\u016fst\u00e1v\u00e1 tak trochu v\u00a0pozad\u00ed, mimo hlavn\u00ed z\u00e1jem m\u00e9di\u00ed i div\u00e1k\u016f.Vid\u011bl v\u00a0akci L\u00eddu BaarovouKarel \u010cern\u00fd se sice roku 1922 narodil v\u00a0Plzni, ale ji\u017e o patn\u00e1ct let pozd\u011bji se p\u0159est\u011bhoval do Prahy, aby mohl studovat architekturu. Svou prvn\u00ed filmovou zku\u0161enost z\u00edskal, kdy\u017e byl s\u00a0rodi\u010di v\u00a0Bechyni na pr\u00e1zdnin\u00e1ch. Dozv\u011bd\u011bl se, \u017ee u \u0159eky se pr\u00e1v\u011b nat\u00e1\u010d\u00ed Ohniv\u00e9 l\u00e9to s\u00a0L\u00eddou Baarovou a Svatoplukem Bene\u0161em v\u00a0hlavn\u00edch rol\u00edch. Rozhodli se, \u017ee se p\u016fjdou s\u00a0p\u0159\u00edtelkyn\u00ed pod\u00edvat na nat\u00e1\u010den\u00ed, nakonec je filma\u0159i oslovili, aby jim za 20 korun sko\u010dili do vody. Po t\u00e9to prvn\u00ed zku\u0161enosti n\u00e1sledovalo p\u00e1r dal\u0161\u00edch men\u0161\u00edch, ale kdy\u017e se to\u010dil film, \u0158eka \u010daruje, byl ji\u017e na pozici asistenta re\u017eie.Cesta do prav\u011bku i Jak vytrhnout velryb\u011b stoli\u010dkuPak se za\u010dal u filmu prosazovat jako architekt. V\u00a0roce 1953 nato\u010dil s\u00a0Karlem Zemanem Cestu do prav\u011bku, film, kter\u00fd skl\u00edzel mezin\u00e1rodn\u00ed \u00fasp\u011bchy a dodnes jej d\u011bti maj\u00ed r\u00e1di. Karel \u010cern\u00fd se d\u00e1le pod\u00edlel na tak zn\u00e1m\u00fdch filmech, jako jsou: Nebe\u0161t\u00ed jezdci a Jak vytrhnout velryb\u011b stoli\u010dku. Pod\u00edl m\u00e1 i na ka\u017ed\u00fd rok vys\u00edlan\u00fdch H\u0159\u00ed\u0161n\u00fdch lidech m\u011bsta pra\u017esk\u00e9ho.\u00a0Oscarov\u00fd AmadeusV\u00a0roce 1963 se poznal s\u00a0Milo\u0161em Formanem, nakonec s\u00a0n\u00edm spolupracoval na v\u0161ech filmech, kter\u00e9 v\u00a0\u010ceskoslovensku re\u017eis\u00e9r nato\u010dil, \u010cern\u00fdm Petrem po\u010d\u00ednaje. Po letech pak p\u0159i\u0161la nab\u00eddka na spolupr\u00e1ci na Amadeovi. D\u011bj se odehr\u00e1v\u00e1 p\u0159edev\u0161\u00edm ve V\u00eddni, tak\u017ee bylo t\u0159eba postavit \u201eV\u00edde\u0148\u201c v\u00a0Praze. Za skv\u011ble odvedenou pr\u00e1ci byl roku 1985 po pr\u00e1vu ocen\u011bn filmovou cenou Oscarem. V\u00a0tehdej\u0161\u00edm \u010ceskoslovensku se o tomto \u00fasp\u011bchu p\u0159irozen\u011b m\u00e9dia t\u00e9m\u011b\u0159 nezm\u00ednila.                                                                                                                                                                                                                                                                                                                                                                                        4.9\/5 - (7 votes)        "},{"@context":"https:\/\/schema.org\/","@type":"BreadcrumbList","itemListElement":[{"@type":"ListItem","position":1,"name":"\u010cesk\u00fd filmov\u00fd architekt, kter\u00fd z\u00edskal Oscara","item":"https:\/\/www.guba.cz\/cesky-filmovy-architekt-ktery-ziskal-oscara\/#breadcrumbitem"}]}]